{"id":9,"date":"2023-10-19T15:18:54","date_gmt":"2023-10-19T18:18:54","guid":{"rendered":"http:\/\/isaacspagnol.com.br\/index.php\/2023\/10\/19\/o-portfolio-de-um-programador-front-end-uma-jornada-de-5-anos\/"},"modified":"2023-10-19T15:18:54","modified_gmt":"2023-10-19T18:18:54","slug":"o-portfolio-de-um-programador-front-end-uma-jornada-de-5-anos","status":"publish","type":"post","link":"https:\/\/isaacspagnol.com.br\/index.php\/2023\/10\/19\/o-portfolio-de-um-programador-front-end-uma-jornada-de-5-anos\/","title":{"rendered":"O Portf\u00f3lio de um Programador Front-End: Uma Jornada de 5 Anos"},"content":{"rendered":"<p>Quando falamos sobre um programador front-end, estamos nos referindo a um profissional que desempenha um papel fundamental no desenvolvimento de sites e aplicativos. E hoje, vamos falar sobre o portf\u00f3lio de um programador front-end com 5 anos de experi\u00eancia, que tamb\u00e9m \u00e9 apaixonado por m\u00fasica e intelig\u00eancia artificial.<\/p>\n<p>Um programador front-end \u00e9 respons\u00e1vel por traduzir o design de um site ou aplicativo em c\u00f3digo. Eles s\u00e3o especialistas em linguagens de marca\u00e7\u00e3o como HTML, estiliza\u00e7\u00e3o com CSS e interatividade com JavaScript. Al\u00e9m disso, eles tamb\u00e9m t\u00eam conhecimento em frameworks e bibliotecas como React, Angular e Vue.js.<\/p>\n<p>Com 5 anos de experi\u00eancia, nosso programador front-end j\u00e1 teve a oportunidade de trabalhar em diversos projetos desafiadores. E isso \u00e9 o que torna o seu portf\u00f3lio t\u00e3o interessante. Ele pode mostrar a sua evolu\u00e7\u00e3o ao longo do tempo e como ele se adaptou \u00e0s mudan\u00e7as constantes no mundo da tecnologia.<\/p>\n<p>Al\u00e9m de ser um especialista em programa\u00e7\u00e3o, nosso programador front-end tamb\u00e9m \u00e9 apaixonado por m\u00fasica. Ele acredita que a m\u00fasica e a programa\u00e7\u00e3o t\u00eam muito em comum. Ambas exigem criatividade, habilidades t\u00e9cnicas e a capacidade de trabalhar em equipe. E ele costuma aplicar essa paix\u00e3o pela m\u00fasica em seus projetos, buscando criar experi\u00eancias \u00fanicas e envolventes para os usu\u00e1rios.<\/p>\n<p>Mas n\u00e3o para por a\u00ed. Nosso programador front-end tamb\u00e9m \u00e9 fascinado por intelig\u00eancia artificial. Ele acredita que a IA tem o potencial de revolucionar a forma como interagimos com a tecnologia. E ele est\u00e1 sempre buscando aprender mais sobre esse campo, explorando maneiras de incorporar a IA em seus projetos e criar experi\u00eancias ainda mais personalizadas para os usu\u00e1rios.<\/p>\n<p>Se voc\u00ea est\u00e1 procurando um programador front-end com 5 anos de experi\u00eancia, apaixonado por m\u00fasica e intelig\u00eancia artificial, voc\u00ea est\u00e1 no lugar certo. O portf\u00f3lio desse profissional \u00e9 uma prova de sua habilidade t\u00e9cnica, criatividade e dedica\u00e7\u00e3o. E com certeza ele ser\u00e1 capaz de levar o seu projeto para o pr\u00f3ximo n\u00edvel.<\/p>\n","protected":false},"excerpt":{"rendered":"<p>Quando falamos sobre um programador front-end, estamos nos referindo a um profissional que desempenha um papel fundamental no desenvolvimento de sites e aplicativos. E hoje, vamos falar sobre o portf\u00f3lio de um programador front-end com 5 anos de experi\u00eancia, que tamb\u00e9m \u00e9 apaixonado por m\u00fasica e intelig\u00eancia artificial. Um programador front-end \u00e9 respons\u00e1vel por traduzir [&hellip;]<\/p>\n","protected":false},"author":1,"featured_media":0,"comment_status":"open","ping_status":"open","sticky":false,"template":"","format":"standard","meta":{"footnotes":""},"categories":[1],"tags":[],"_links":{"self":[{"href":"https:\/\/isaacspagnol.com.br\/index.php\/wp-json\/wp\/v2\/posts\/9"}],"collection":[{"href":"https:\/\/isaacspagnol.com.br\/index.php\/wp-json\/wp\/v2\/posts"}],"about":[{"href":"https:\/\/isaacspagnol.com.br\/index.php\/wp-json\/wp\/v2\/types\/post"}],"author":[{"embeddable":true,"href":"https:\/\/isaacspagnol.com.br\/index.php\/wp-json\/wp\/v2\/users\/1"}],"replies":[{"embeddable":true,"href":"https:\/\/isaacspagnol.com.br\/index.php\/wp-json\/wp\/v2\/comments?post=9"}],"version-history":[{"count":0,"href":"https:\/\/isaacspagnol.com.br\/index.php\/wp-json\/wp\/v2\/posts\/9\/revisions"}],"wp:attachment":[{"href":"https:\/\/isaacspagnol.com.br\/index.php\/wp-json\/wp\/v2\/media?parent=9"}],"wp:term":[{"taxonomy":"category","embeddable":true,"href":"https:\/\/isaacspagnol.com.br\/index.php\/wp-json\/wp\/v2\/categories?post=9"},{"taxonomy":"post_tag","embeddable":true,"href":"https:\/\/isaacspagnol.com.br\/index.php\/wp-json\/wp\/v2\/tags?post=9"}],"curies":[{"name":"wp","href":"https:\/\/api.w.org\/{rel}","templated":true}]}}